{"id":1491,"date":"2025-09-25T18:22:24","date_gmt":"2025-09-25T16:22:24","guid":{"rendered":"https:\/\/aidmax.org\/?p=1491"},"modified":"2025-10-26T22:25:50","modified_gmt":"2025-10-26T21:25:50","slug":"social-impact-award-voting-aidmax-2025","status":"publish","type":"post","link":"https:\/\/aidmax.org\/en\/blog\/2025\/09\/25\/social-impact-award-voting-aidmax-2025\/","title":{"rendered":"Community Voting"},"content":{"rendered":"<p>Wir sind unglaublich dankbar f\u00fcr die gro\u00dfe Unterst\u00fctzung, die wir beim <strong><a href=\"https:\/\/germany.socialimpactaward.net\/project\/aidmax\" data-type=\"link\" data-id=\"https:\/\/germany.socialimpactaward.net\/project\/aidmax\" target=\"_blank\" rel=\"noopener\">Social Impact Award Community Voting<\/a><\/strong> erhalten haben. Freunde, Familienmitglieder und viele begeisterte Menschen aus der AidMax-Community haben mitgefiebert, geteilt, abgestimmt und uns Mut gemacht. Jeder Klick, jede Nachricht und jedes L\u00e4cheln hat uns gezeigt, dass unsere Idee Hoffnung gibt und Menschen bewegt.<\/p>\n\n\n\n<hr class=\"wp-block-separator has-alpha-channel-opacity\"\/>\n\n\n\n<h2 class=\"wp-block-heading\" id=\"unterstutzung-aus-der-karate-community\">Unterst\u00fctzung aus der Karate-Community<\/h2>\n\n\n\n<p>Ein besonderer Moment war, als der <a href=\"https:\/\/www.karate.de\/de\/aktuelles\/meldungen\/aufruf-social-impact-award-17-09-25.php\" target=\"_blank\" rel=\"noreferrer noopener\">Deutsche Karate Verband<\/a> unseren Aufruf teilte. Auf seiner offiziellen Website und in den sozialen Medien wurde AidMax vorgestellt und die Community eingeladen, beim Voting f\u00fcr uns abzustimmen. Diese Unterst\u00fctzung bedeutet uns sehr viel, denn unsere <a href=\"https:\/\/aidmax.org\/en\/projekt-details\/\" data-type=\"page\" data-id=\"12\">Wurzeln<\/a> liegen im Karate. Diese Kampfkunst steht f\u00fcr Achtsamkeit, Selbstbeherrschung und innere St\u00e4rke. Genau diese Werte finden sich auch in AidMax wieder, denn mentale Gesundheit ist eine Form von St\u00e4rke, die im Inneren beginnt.<\/p>\n\n\n\n<p>Das Bild von AidMax im Karateanzug erinnert uns daran, was Mut und Durchhalteverm\u00f6gen wirklich bedeuten. Es symbolisiert den Kampfgeist, der in jedem Menschen steckt, und die Bedeutung von Disziplin, Empathie und Mitgef\u00fchl im t\u00e4glichen Leben.<\/p>\n\n\n\n<hr class=\"wp-block-separator has-alpha-channel-opacity\"\/>\n\n\n\n<h2 class=\"wp-block-heading\" id=\"menschen-begeistern-auf-dem-oktoberfest\">Menschen begeistern auf dem Oktoberfest<\/h2>\n\n\n\n<p>Um noch mehr Menschen zu erreichen, waren wir mit AidMax auf dem Oktoberfest unterwegs. Mit einem Rucksack voller Sticker, Herz und Begeisterung haben wir dort direkt mit Besucher*innen gesprochen. Wir erz\u00e4hlten, wie AidMax funktioniert und warum mentale Gesundheit ein Thema ist, das uns alle betrifft. Viele reagierten neugierig, stellten <a href=\"https:\/\/aidmax.org\/en\/aidmax-faq\/\" data-type=\"page\" data-id=\"1403\">Fragen<\/a> und nahmen sich Zeit f\u00fcr ein Gespr\u00e4ch. Es war bewegend zu erleben, wie offen Menschen werden, wenn man ehrlich \u00fcber Gef\u00fchle und Hoffnung spricht.<\/p>\n\n\n\n<p>Das Foto vor der Bavaria zeigt uns mitten im Geschehen. Wir tragen unsere wei\u00dfen AidMax-Shirts mit dem pinken Herzsymbol und l\u00e4cheln in die Kamera, w\u00e4hrend um uns herum Menschen vorbeigehen. Diese Szene steht f\u00fcr den Mut, mit einem Herzensprojekt in die Welt zu gehen und dort Gespr\u00e4che zu f\u00fchren, wo sie am meisten gebraucht werden.<\/p>\n\n\n\n<hr class=\"wp-block-separator has-alpha-channel-opacity\"\/>\n\n\n\n<h2 class=\"wp-block-heading\" id=\"mit-liebe-und-kreativitat-unser-animationsvideo\">Mit Liebe und Kreativit\u00e4t: Unser Animationsvideo<\/h2>\n\n\n\n<p>F\u00fcr das Voting haben wir ein ganz besonderes Video produziert. Es wurde mit Liebe, Geduld und vielen kreativen Ideen gestaltet. Unser Ziel war es, AidMax auf eine emotionale Weise zu zeigen, die Menschen ber\u00fchrt. Das Video erz\u00e4hlt in animierten Szenen, warum unser Projekt wichtig ist, und vermittelt die <a href=\"https:\/\/aidmax.org\/en\/ueber\/\" data-type=\"page\" data-id=\"9\">Werte<\/a>, die uns antreiben: Empathie, Zusammenhalt und Hoffnung. Die Musik und der visuelle Stil erzeugen eine Atmosph\u00e4re, die ruhig und gleichzeitig ermutigend wirkt.<\/p>\n\n\n\n<p>Hier kannst du das Video ansehen: <a href=\"https:\/\/www.youtube.com\/watch?v=09wXHLDbWyw\" target=\"_blank\" rel=\"noreferrer noopener\">AidMax Video beim Social Impact Award auf YouTube<\/a><\/p>\n\n\n\n<p>Freunde und Familienmitglieder haben uns bei der Umsetzung unterst\u00fctzt. Wir haben gemeinsam Szenen animiert, Tonspuren bearbeitet und am Feinschliff gearbeitet. Diese Zusammenarbeit hat uns noch enger verbunden und gezeigt, wie stark Teamgeist sein kann, wenn alle an eine gemeinsame Vision glauben.<\/p>\n\n\n\n<hr class=\"wp-block-separator has-alpha-channel-opacity\"\/>\n\n\n\n<h2 class=\"wp-block-heading\" id=\"ein-riesiges-dankeschon\">Ein riesiges Dankesch\u00f6n<\/h2>\n\n\n\n<p>Wir m\u00f6chten uns von Herzen bei allen bedanken, die uns unterst\u00fctzt haben. Jede Stimme, jeder Kommentar und jede geteilte Story hat dazu beigetragen, AidMax bekannter zu machen und unsere Botschaft weiterzutragen. Eure Unterst\u00fctzung hat uns gezeigt, dass mentale Gesundheit ein Thema ist, das Menschen vereint und bewegt. Sie hat uns Kraft gegeben, weiterzumachen und noch mehr Jugendliche zu erreichen, die sich allein f\u00fchlen.<\/p>\n\n\n\n<p>Jede Stimme war ein Zeichen des Vertrauens und der Gemeinschaft. Daf\u00fcr sagen wir Danke. \ud83d\udc9a<\/p>\n\n\n\n<hr class=\"wp-block-separator has-alpha-channel-opacity\"\/>\n\n\n\n<h3 class=\"wp-block-heading\" id=\"bilder-und-eindrucke\">Bilder und Eindr\u00fccke<\/h3>\n\n\n\n<p>Die Fotos zeigen, was diesen Moment so besonders gemacht hat. Auf dem ersten Bild ist das AidMax-Maskottchen im Karateanzug zu sehen, ein Symbol f\u00fcr St\u00e4rke, Achtsamkeit und Selbstvertrauen. Das zweite Bild zeigt unser Team vor der Bavaria in M\u00fcnchen. Wir stehen Seite an Seite, l\u00e4cheln und halten Flyer in den H\u00e4nden. Dieses Bild steht f\u00fcr Mut, Menschlichkeit und die Freude, gemeinsam f\u00fcr eine gute Sache einzutreten. Auf dem dritten Foto sieht man einen unserer Mitwirkenden beim Videodreh, konzentriert und mit vollem Einsatz. Im Hintergrund steht eine Gitarre, die das kreative Umfeld widerspiegelt, in dem AidMax entsteht.<\/p>\n\n\n\n<figure class=\"wp-block-gallery has-nested-images columns-default is-cropped wp-block-gallery-1 is-layout-flex wp-block-gallery-is-layout-flex\">\n<figure class=\"wp-block-image size-large\"><img fetchpriority=\"high\" decoding=\"async\" width=\"1024\" height=\"972\" data-id=\"1506\" src=\"https:\/\/aidmax.org\/wp-content\/uploads\/2025\/10\/Karate-AidMax-1024x972.png\" alt=\"Karate AidMax mit Impact\" class=\"wp-image-1506\" srcset=\"https:\/\/aidmax.org\/wp-content\/uploads\/2025\/10\/Karate-AidMax-1024x972.png 1024w, https:\/\/aidmax.org\/wp-content\/uploads\/2025\/10\/Karate-AidMax-300x285.png 300w, https:\/\/aidmax.org\/wp-content\/uploads\/2025\/10\/Karate-AidMax-768x729.png 768w, https:\/\/aidmax.org\/wp-content\/uploads\/2025\/10\/Karate-AidMax.png 1219w\" sizes=\"(max-width: 1024px) 100vw, 1024px\" \/><\/figure>\n\n\n\n<figure class=\"wp-block-image size-full\"><img decoding=\"async\" width=\"720\" height=\"1013\" data-id=\"1505\" src=\"https:\/\/aidmax.org\/wp-content\/uploads\/2025\/10\/Wiesn.png\" alt=\"Wiesn Impact vor der Bavaria\" class=\"wp-image-1505\" srcset=\"https:\/\/aidmax.org\/wp-content\/uploads\/2025\/10\/Wiesn.png 720w, https:\/\/aidmax.org\/wp-content\/uploads\/2025\/10\/Wiesn-213x300.png 213w\" sizes=\"(max-width: 720px) 100vw, 720px\" \/><\/figure>\n\n\n\n<figure class=\"wp-block-image size-full\"><img decoding=\"async\" width=\"706\" height=\"856\" data-id=\"1507\" src=\"https:\/\/aidmax.org\/wp-content\/uploads\/2025\/10\/AidMaxVideo.jpg\" alt=\"Foto aus unserem Social Impact Video\" class=\"wp-image-1507\" srcset=\"https:\/\/aidmax.org\/wp-content\/uploads\/2025\/10\/AidMaxVideo.jpg 706w, https:\/\/aidmax.org\/wp-content\/uploads\/2025\/10\/AidMaxVideo-247x300.jpg 247w\" sizes=\"(max-width: 706px) 100vw, 706px\" \/><\/figure>\n<\/figure>\n\n\n\n<hr class=\"wp-block-separator has-alpha-channel-opacity\"\/>\n\n\n\n<div class=\"wp-block-group\"><div class=\"wp-block-group__inner-container is-layout-constrained wp-block-group-is-layout-constrained\">\n<h3 class=\"wp-block-heading\" id=\"mehr-uber-aidmax\">Mehr \u00fcber AidMax<\/h3>\n\n\n\n<p>Besuche uns auf <a href=\"https:\/\/www.linkedin.com\/company\/aidmaxhelp\/\" target=\"_blank\" rel=\"noreferrer noopener\">LinkedIn<\/a>, um mehr \u00fcber das Projekt zu erfahren und folge uns auf <a href=\"https:\/\/www.instagram.com\/aidmax_help\" data-type=\"link\" data-id=\"https:\/\/www.instagram.com\/aidmax_help\" target=\"_blank\" rel=\"noopener\">Instagram<\/a>.<\/p>\n<\/div><\/div>","protected":false},"excerpt":{"rendered":"<p>Wir sind unglaublich dankbar f\u00fcr die gro\u00dfe Unterst\u00fctzung, die wir beim Social Impact Award Community Voting erhalten haben. Freunde, Familienmitglieder und viele begeisterte Menschen aus der AidMax-Community haben mitgefiebert, geteilt, abgestimmt und uns Mut gemacht. Jeder Klick, jede Nachricht und jedes L\u00e4cheln hat uns gezeigt, dass unsere Idee Hoffnung gibt und Menschen bewegt. Unterst\u00fctzung aus&hellip;&nbsp;<a href=\"https:\/\/aidmax.org\/en\/blog\/2025\/09\/25\/social-impact-award-voting-aidmax-2025\/\" rel=\"bookmark\">Read More &raquo;<span class=\"screen-reader-text\">Community Voting<\/span><\/a><\/p>","protected":false},"author":5,"featured_media":1505,"comment_status":"open","ping_status":"open","sticky":false,"template":"","format":"standard","meta":{"_gspb_post_css":"","neve_meta_sidebar":"","neve_meta_container":"","neve_meta_enable_content_width":"","neve_meta_content_width":0,"neve_meta_title_alignment":"","neve_meta_author_avatar":"","neve_post_elements_order":"","neve_meta_disable_header":"","neve_meta_disable_footer":"","neve_meta_disable_title":"","footnotes":""},"categories":[1,11,22],"tags":[12,60,26,27,31,28,30,32,33,35,14,25,34,23,29],"class_list":["post-1491","post","type-post","status-publish","format-standard","has-post-thumbnail","hentry","category-allgemein","category-events","category-team","tag-aidmax","tag-award","tag-community-voting","tag-deutscher-karate-verband","tag-ehrenamt","tag-hoffnung","tag-innovation","tag-jugendhilfe","tag-ki-und-empathie","tag-kreativitaet","tag-mentale-gesundheit","tag-muenchen","tag-psychische-gesundheit","tag-social-impact-award-2025","tag-teamarbeit"],"_links":{"self":[{"href":"https:\/\/aidmax.org\/en\/wp-json\/wp\/v2\/posts\/1491","targetHints":{"allow":["GET"]}}],"collection":[{"href":"https:\/\/aidmax.org\/en\/wp-json\/wp\/v2\/posts"}],"about":[{"href":"https:\/\/aidmax.org\/en\/wp-json\/wp\/v2\/types\/post"}],"author":[{"embeddable":true,"href":"https:\/\/aidmax.org\/en\/wp-json\/wp\/v2\/users\/5"}],"replies":[{"embeddable":true,"href":"https:\/\/aidmax.org\/en\/wp-json\/wp\/v2\/comments?post=1491"}],"version-history":[{"count":1,"href":"https:\/\/aidmax.org\/en\/wp-json\/wp\/v2\/posts\/1491\/revisions"}],"predecessor-version":[{"id":1508,"href":"https:\/\/aidmax.org\/en\/wp-json\/wp\/v2\/posts\/1491\/revisions\/1508"}],"wp:featuredmedia":[{"embeddable":true,"href":"https:\/\/aidmax.org\/en\/wp-json\/wp\/v2\/media\/1505"}],"wp:attachment":[{"href":"https:\/\/aidmax.org\/en\/wp-json\/wp\/v2\/media?parent=1491"}],"wp:term":[{"taxonomy":"category","embeddable":true,"href":"https:\/\/aidmax.org\/en\/wp-json\/wp\/v2\/categories?post=1491"},{"taxonomy":"post_tag","embeddable":true,"href":"https:\/\/aidmax.org\/en\/wp-json\/wp\/v2\/tags?post=1491"}],"curies":[{"name":"wp","href":"https:\/\/api.w.org\/{rel}","templated":true}]}}